{"id":1590,"date":"2022-09-15T09:39:36","date_gmt":"2022-09-15T08:39:36","guid":{"rendered":"https:\/\/grosselternakademie.de\/page\/?p=1590"},"modified":"2024-02-19T16:19:26","modified_gmt":"2024-02-19T15:19:26","slug":"auf-den-zehnten-band","status":"publish","type":"post","link":"https:\/\/grosselternakademie.de\/page\/2022\/09\/auf-den-zehnten-band\/","title":{"rendered":"Auf den zehnten Band!"},"content":{"rendered":"\r\n<figure class=\"wp-block-image size-full is-resized\"><a href=\"https:\/\/grosselternakademie.de\/page\/wp-content\/uploads\/2022\/09\/Cover-GG-1.jpg\"><img loading=\"lazy\" class=\"wp-image-1591\" src=\"https:\/\/grosselternakademie.de\/page\/wp-content\/uploads\/2022\/09\/Cover-GG-1.jpg\" alt=\"\" width=\"321\" height=\"452\" srcset=\"https:\/\/grosselternakademie.de\/page\/wp-content\/uploads\/2022\/09\/Cover-GG-1.jpg 650w, https:\/\/grosselternakademie.de\/page\/wp-content\/uploads\/2022\/09\/Cover-GG-1-213x300.jpg 213w\" sizes=\"(max-width: 321px) 100vw, 321px\" \/><\/a><\/figure>\r\n\r\n\r\n\r\n<p>Unser zehnter Band der Edition Gro\u00dfelternAkademie ist in den Druck gegangen. Hurra, wir haben es geschafft!!! Monate der Recherche und des Schreibens sind zum Ziel gekommen. In K\u00fcrze, liebe Gro\u00dfeltern d\u00fcrfen Sie sich auch selbst ein Urteil \u00fcber dieses Buch machen. Worum geht es eigentlich?<\/p>\r\n\r\n\r\n\r\n<p>Wird uns Generationengerechtigkeit als etwas Erstrebenswertes von Politik und Medien nur plakativ vorgegaukelt? Was m\u00fcsste geschehen, um den sozialen Friede zwischen den Generationen nicht weiter zu gef\u00e4hrden? Dieses Buch ist der Versuch einer Antwort. Wir sp\u00fcren den Bedeutungen der Begriffe Generation und Gerechtigkeit nach. Es geht um Klimaschutz und Nachhaltigkeit, Demografie und Digitalisierung. Wir erkl\u00e4ren den Treibhauseffekt und machen uns Gedanken, wie besonders das Klima zwischen Jung und Alt besser gestaltet werden kann.<br \/>Warum h\u00e4ngen die Wertsch\u00e4tzung von Produkten und die Geschichte der Abfallwirtschaft unmittelbar zusammen? M\u00fcsste wieder mehr repariert, statt entsorgt werden? Bei all diesen Themen schwingt der Begriff der Verantwortung im Hintergrund mit. Diesen und noch vielen anderen Fragen sind wir nachgegangen. Wir belassen es nicht mit einem Blick von au\u00dfen. Wir geben Impulse f\u00fcr Gro\u00dfeltern, aber auch wie Sie gemeinsam mit Ihren Enkeln pers\u00f6nlich aktiv sein k\u00f6nnen.<\/p>\r\n\r\n\r\n\r\n<p>Sobald das Buch erh\u00e4ltlich ist, gibt es hier weitere Informationen. Seien Sie gespannt darauf.<\/p>\r\n","protected":false},"excerpt":{"rendered":"<p>Unser zehnter Band der Edition Gro\u00dfelternAkademie ist in den Druck gegangen. Hurra, wir haben es geschafft!!! Monate der Recherche und des Schreibens sind zum Ziel gekommen. In K\u00fcrze, liebe Gro\u00dfeltern d\u00fcrfen Sie sich auch selbst ein Urteil \u00fcber dieses Buch machen. Worum geht es eigentlich? Wird uns Generationengerechtigkeit als etwas Erstrebenswertes von Politik und Medien &hellip; <a href=\"https:\/\/grosselternakademie.de\/page\/2022\/09\/auf-den-zehnten-band\/\">Weiterlesen <span class=\"meta-nav\">&rarr;<\/span><\/a><\/p>\n","protected":false},"author":4,"featured_media":0,"comment_status":"closed","ping_status":"closed","sticky":false,"template":"","format":"standard","meta":[],"categories":[152,336],"tags":[561,560,13,558,17,559,312,387,113,562],"jetpack_featured_media_url":"","_links":{"self":[{"href":"https:\/\/grosselternakademie.de\/page\/wp-json\/wp\/v2\/posts\/1590"}],"collection":[{"href":"https:\/\/grosselternakademie.de\/page\/wp-json\/wp\/v2\/posts"}],"about":[{"href":"https:\/\/grosselternakademie.de\/page\/wp-json\/wp\/v2\/types\/post"}],"author":[{"embeddable":true,"href":"https:\/\/grosselternakademie.de\/page\/wp-json\/wp\/v2\/users\/4"}],"replies":[{"embeddable":true,"href":"https:\/\/grosselternakademie.de\/page\/wp-json\/wp\/v2\/comments?post=1590"}],"version-history":[{"count":3,"href":"https:\/\/grosselternakademie.de\/page\/wp-json\/wp\/v2\/posts\/1590\/revisions"}],"predecessor-version":[{"id":1635,"href":"https:\/\/grosselternakademie.de\/page\/wp-json\/wp\/v2\/posts\/1590\/revisions\/1635"}],"wp:attachment":[{"href":"https:\/\/grosselternakademie.de\/page\/wp-json\/wp\/v2\/media?parent=1590"}],"wp:term":[{"taxonomy":"category","embeddable":true,"href":"https:\/\/grosselternakademie.de\/page\/wp-json\/wp\/v2\/categories?post=1590"},{"taxonomy":"post_tag","embeddable":true,"href":"https:\/\/grosselternakademie.de\/page\/wp-json\/wp\/v2\/tags?post=1590"}],"curies":[{"name":"wp","href":"https:\/\/api.w.org\/{rel}","templated":true}]}}